{"id":21726,"date":"2021-06-29T16:43:54","date_gmt":"2021-06-29T16:43:54","guid":{"rendered":"https:\/\/panelessolaresenplayadelcarmen.com\/blog\/?p=21726"},"modified":"2021-07-01T16:44:12","modified_gmt":"2021-07-01T16:44:12","slug":"cuanto-ha-subido-mi-recibo-de-luz-durante-la-pandemia","status":"publish","type":"post","link":"https:\/\/panelessolaresenplayadelcarmen.com\/blog\/2021\/06\/29\/cuanto-ha-subido-mi-recibo-de-luz-durante-la-pandemia\/","title":{"rendered":"\u00bfCu\u00e1nto ha subido mi recibo de luz durante la pandemia?"},"content":{"rendered":"<p>Los efectos de la pandemia se han manifestado de distintas maneras y una de ellas ha sido en el consumo energ\u00e9tico de nuestros hogares, sin duda, ese ha sido un gran motivo por el cual muchas personas han optado por instalar sistemas de energ\u00eda solar en Playa del Carmen como una medida para reducir sus pagos de luz.<\/p>\n<p>En esta ocasi\u00f3n nos detendremos a hablar sobre un dato que es visible para todos y que se encuentra en nuestros recibos de luz, es decir, es visible para todos.<\/p>\n<p>A un a\u00f1o de la pandemia -o un poco m\u00e1s cuando leas este art\u00edculo-, el incremento por el uso de energ\u00eda es notable en nuestros hogares. Cu\u00e1ntos de nosotros tuvimos que hacer el famoso \u201chome office\u201d o a qui\u00e9n no le pas\u00f3 que sus hijos tuvieron que tomar clases online.<\/p>\n<p>Este par de acciones parecieran que no son tan representativas pero al revisar el consumo hist\u00f3rico de un recibo de luz, notaremos el verdadero incremento.<\/p>\n<p>Al pasar m\u00e1s tiempo en casa existi\u00f3 una mayor convivencia entre las familias, pero a su vez, tambi\u00e9n se increment\u00f3 el uso de cafeteras, hornos de microondas, televisiones, carga de energ\u00eda a celulares y el uso de videojuegos por mencionar algunos ejemplos.<\/p>\n<h2>Usa paneles solares para bajarle a tu recibo de luz.<\/h2>\n<p>La imagen que a continuaci\u00f3n te compartimos es de una persona y propiedad como la tuya, en la cual podemos observar c\u00f3mo se dio el aumento en el consumo de mayo 2019, (a\u00f1o en que a\u00fan no hab\u00eda pandemia), pasando por mayo 2020 (cuando ya hab\u00eda comenzado), hasta ahora a mayo 2021, -cuando a\u00fan contin\u00faa-.<\/p>\n<p><img loading=\"lazy\" decoding=\"async\" class=\"size-full wp-image-21729 aligncenter\" src=\"https:\/\/panelessolaresenplayadelcarmen.com\/blog\/wp-content\/uploads\/2021\/07\/Captura-de-Pantalla-2021-07-01-a-las-11.39.59.png\" alt=\"\" width=\"986\" height=\"412\" srcset=\"https:\/\/panelessolaresenplayadelcarmen.com\/blog\/wp-content\/uploads\/2021\/07\/Captura-de-Pantalla-2021-07-01-a-las-11.39.59.png 986w, https:\/\/panelessolaresenplayadelcarmen.com\/blog\/wp-content\/uploads\/2021\/07\/Captura-de-Pantalla-2021-07-01-a-las-11.39.59-300x125.png 300w, https:\/\/panelessolaresenplayadelcarmen.com\/blog\/wp-content\/uploads\/2021\/07\/Captura-de-Pantalla-2021-07-01-a-las-11.39.59-768x321.png 768w\" sizes=\"auto, (max-width: 986px) 100vw, 986px\" \/><\/p>\n<p>Como te hicimos menci\u00f3n, todo ese incremento t\u00fa lo podr\u00e1s visualizar en tu propio recibo, notar\u00e1s como el aumento es real y por consiguiente, est\u00e1s pagando en dinero ese gran incremento.<\/p>\n<p><strong>La manera en c\u00f3mo muchas personas han reaccionado para contrarrestar esos aumentos en el recibo de luz es mediante el uso de sistemas de energ\u00eda solar en Playa del Carmen. La implementaci\u00f3n de paneles solares ha beneficiado a muchas personas en su bolsillo y en su consumo energ\u00e9tico.<\/strong><\/p>\n<p>Claro est\u00e1, que para potenciar una inversi\u00f3n en este tipo de dispositivos se requiere de instaladores expertos, <a href=\"https:\/\/panelessolaresenplayadelcarmen.com\/blog\/2021\/04\/01\/como-elegir-un-buen-instalador-de-paneles-solares-en-playa-del-carmen\/\">en este art\u00edculo te decimos c\u00f3mo elegir el mejor.<\/a><\/p>\n<p>Recuerda que el incremento de luz lo est\u00e1s pagando muy caro, y aunque pareciera que fue paulatino, la realidad es que hasta ahora ya vas para dos a\u00f1os y si no haces algo,seguir\u00e1s pagando econ\u00f3micamente las consecuencias.<\/p>\n<p>Nuestra recomendaci\u00f3n: \u00a1Saca cuentas! y haz un c\u00e1lculo de lo que pagaste bimestralmente por estos dos a\u00f1os y comp\u00e1ralo con lo que gastaste en el 2019, esa ser\u00e1 tu respuesta. Si de verdad requieres dejar de pagar tanto, no olvides que con los paneles solares puedes reducir tu pago de luz hasta en tan solo 50 pesos.<\/p>\n<p><strong>\u00bfTienes dudas? Escr\u00edbenos y con gusto te apoyamos.<\/strong><\/p>\n","protected":false},"excerpt":{"rendered":"<p>Los efectos de la pandemia se han manifestado de distintas maneras y una de ellas ha sido en el consumo energ\u00e9tico de nuestros hogares, sin duda, ese&hellip;<\/p>\n","protected":false},"author":1,"featured_media":21728,"comment_status":"open","ping_status":"open","sticky":false,"template":"","format":"standard","meta":{"footnotes":""},"categories":[161,165,164,163,162],"tags":[],"class_list":["post-21726","post","type-post","status-publish","format-standard","has-post-thumbnail","hentry","category-energia-solar","category-energia-solar-en-playa-del-carmen","category-lampara-solar-en-playa-del-carmen","category-luminaria-solar-en-playa-del-carmen","category-panel-solar-en-playa-del-carmen"],"yoast_head":"<!-- This site is optimized with the Yoast SEO plugin v27.2 - https:\/\/yoast.com\/product\/yoast-seo-wordpress\/ -->\n<title>\u00bfCu\u00e1nto ha subido mi recibo de luz durante la pandemia?<\/title>\n<meta name=\"description\" content=\"El efecto de la pandemia se refleja en el consumo de luz y una medida para reducirlo es usando sistemas de energ\u00eda solar en Playa del Carmen.\" \/>\n<meta name=\"robots\" content=\"index, follow, max-snippet:-1, max-image-preview:large, max-video-preview:-1\" \/>\n<link rel=\"canonical\" href=\"https:\/\/panelessolaresenplayadelcarmen.com\/blog\/2021\/06\/29\/cuanto-ha-subido-mi-recibo-de-luz-durante-la-pandemia\/\" \/>\n<meta property=\"og:locale\" content=\"en_US\" \/>\n<meta property=\"og:type\" content=\"article\" \/>\n<meta property=\"og:title\" content=\"\u00bfCu\u00e1nto ha subido mi recibo de luz durante la pandemia?\" \/>\n<meta property=\"og:description\" content=\"El efecto de la pandemia se refleja en el consumo de luz y una medida para reducirlo es usando sistemas de energ\u00eda solar en Playa del Carmen.\" \/>\n<meta property=\"og:url\" content=\"https:\/\/panelessolaresenplayadelcarmen.com\/blog\/2021\/06\/29\/cuanto-ha-subido-mi-recibo-de-luz-durante-la-pandemia\/\" \/>\n<meta property=\"og:site_name\" content=\"Instalaci\u00f3n de paneles solares en Playa del Carmen. Ahorra hasta un 99% en tu recibo de luz\" \/>\n<meta property=\"article:published_time\" content=\"2021-06-29T16:43:54+00:00\" \/>\n<meta property=\"article:modified_time\" content=\"2021-07-01T16:44:12+00:00\" \/>\n<meta property=\"og:image\" content=\"https:\/\/panelessolaresenplayadelcarmen.com\/blog\/wp-content\/uploads\/2021\/07\/og3.jpg\" \/>\n\t<meta property=\"og:image:width\" content=\"2000\" \/>\n\t<meta property=\"og:image:height\" content=\"1000\" \/>\n\t<meta property=\"og:image:type\" content=\"image\/jpeg\" \/>\n<meta name=\"author\" content=\"admin\" \/>\n<meta name=\"twitter:card\" content=\"summary_large_image\" \/>\n<meta name=\"twitter:label1\" content=\"Written by\" \/>\n\t<meta name=\"twitter:data1\" content=\"admin\" \/>\n\t<meta name=\"twitter:label2\" content=\"Est. reading time\" \/>\n\t<meta name=\"twitter:data2\" content=\"3 minutes\" \/>\n<script type=\"application\/ld+json\" class=\"yoast-schema-graph\">{\"@context\":\"https:\/\/schema.org\",\"@graph\":[{\"@type\":\"Article\",\"@id\":\"https:\/\/panelessolaresenplayadelcarmen.com\/blog\/2021\/06\/29\/cuanto-ha-subido-mi-recibo-de-luz-durante-la-pandemia\/#article\",\"isPartOf\":{\"@id\":\"https:\/\/panelessolaresenplayadelcarmen.com\/blog\/2021\/06\/29\/cuanto-ha-subido-mi-recibo-de-luz-durante-la-pandemia\/\"},\"author\":{\"name\":\"admin\",\"@id\":\"https:\/\/panelessolaresenplayadelcarmen.com\/blog\/#\/schema\/person\/8320f62976b9f5f1f93de47abac80b55\"},\"headline\":\"\u00bfCu\u00e1nto ha subido mi recibo de luz durante la pandemia?\",\"datePublished\":\"2021-06-29T16:43:54+00:00\",\"dateModified\":\"2021-07-01T16:44:12+00:00\",\"mainEntityOfPage\":{\"@id\":\"https:\/\/panelessolaresenplayadelcarmen.com\/blog\/2021\/06\/29\/cuanto-ha-subido-mi-recibo-de-luz-durante-la-pandemia\/\"},\"wordCount\":525,\"commentCount\":0,\"publisher\":{\"@id\":\"https:\/\/panelessolaresenplayadelcarmen.com\/blog\/#organization\"},\"image\":{\"@id\":\"https:\/\/panelessolaresenplayadelcarmen.com\/blog\/2021\/06\/29\/cuanto-ha-subido-mi-recibo-de-luz-durante-la-pandemia\/#primaryimage\"},\"thumbnailUrl\":\"https:\/\/panelessolaresenplayadelcarmen.com\/blog\/wp-content\/uploads\/2021\/07\/og3.jpg\",\"articleSection\":[\"Energia solar\",\"Energia Solar en Playa del Carmen\",\"Lampara Solar en Playa del Carmen\",\"Luminaria Solar en Playa del Carmen\",\"Panel solar en Playa del Carmen\"],\"inLanguage\":\"en-US\",\"potentialAction\":[{\"@type\":\"CommentAction\",\"name\":\"Comment\",\"target\":[\"https:\/\/panelessolaresenplayadelcarmen.com\/blog\/2021\/06\/29\/cuanto-ha-subido-mi-recibo-de-luz-durante-la-pandemia\/#respond\"]}]},{\"@type\":\"WebPage\",\"@id\":\"https:\/\/panelessolaresenplayadelcarmen.com\/blog\/2021\/06\/29\/cuanto-ha-subido-mi-recibo-de-luz-durante-la-pandemia\/\",\"url\":\"https:\/\/panelessolaresenplayadelcarmen.com\/blog\/2021\/06\/29\/cuanto-ha-subido-mi-recibo-de-luz-durante-la-pandemia\/\",\"name\":\"\u00bfCu\u00e1nto ha subido mi recibo de luz durante la pandemia?\",\"isPartOf\":{\"@id\":\"https:\/\/panelessolaresenplayadelcarmen.com\/blog\/#website\"},\"primaryImageOfPage\":{\"@id\":\"https:\/\/panelessolaresenplayadelcarmen.com\/blog\/2021\/06\/29\/cuanto-ha-subido-mi-recibo-de-luz-durante-la-pandemia\/#primaryimage\"},\"image\":{\"@id\":\"https:\/\/panelessolaresenplayadelcarmen.com\/blog\/2021\/06\/29\/cuanto-ha-subido-mi-recibo-de-luz-durante-la-pandemia\/#primaryimage\"},\"thumbnailUrl\":\"https:\/\/panelessolaresenplayadelcarmen.com\/blog\/wp-content\/uploads\/2021\/07\/og3.jpg\",\"datePublished\":\"2021-06-29T16:43:54+00:00\",\"dateModified\":\"2021-07-01T16:44:12+00:00\",\"description\":\"El efecto de la pandemia se refleja en el consumo de luz y una medida para reducirlo es usando sistemas de energ\u00eda solar en Playa del Carmen.\",\"breadcrumb\":{\"@id\":\"https:\/\/panelessolaresenplayadelcarmen.com\/blog\/2021\/06\/29\/cuanto-ha-subido-mi-recibo-de-luz-durante-la-pandemia\/#breadcrumb\"},\"inLanguage\":\"en-US\",\"potentialAction\":[{\"@type\":\"ReadAction\",\"target\":[\"https:\/\/panelessolaresenplayadelcarmen.com\/blog\/2021\/06\/29\/cuanto-ha-subido-mi-recibo-de-luz-durante-la-pandemia\/\"]}]},{\"@type\":\"ImageObject\",\"inLanguage\":\"en-US\",\"@id\":\"https:\/\/panelessolaresenplayadelcarmen.com\/blog\/2021\/06\/29\/cuanto-ha-subido-mi-recibo-de-luz-durante-la-pandemia\/#primaryimage\",\"url\":\"https:\/\/panelessolaresenplayadelcarmen.com\/blog\/wp-content\/uploads\/2021\/07\/og3.jpg\",\"contentUrl\":\"https:\/\/panelessolaresenplayadelcarmen.com\/blog\/wp-content\/uploads\/2021\/07\/og3.jpg\",\"width\":2000,\"height\":1000},{\"@type\":\"BreadcrumbList\",\"@id\":\"https:\/\/panelessolaresenplayadelcarmen.com\/blog\/2021\/06\/29\/cuanto-ha-subido-mi-recibo-de-luz-durante-la-pandemia\/#breadcrumb\",\"itemListElement\":[{\"@type\":\"ListItem\",\"position\":1,\"name\":\"Portada\",\"item\":\"https:\/\/panelessolaresenplayadelcarmen.com\/blog\/\"},{\"@type\":\"ListItem\",\"position\":2,\"name\":\"\u00bfCu\u00e1nto ha subido mi recibo de luz durante la pandemia?\"}]},{\"@type\":\"WebSite\",\"@id\":\"https:\/\/panelessolaresenplayadelcarmen.com\/blog\/#website\",\"url\":\"https:\/\/panelessolaresenplayadelcarmen.com\/blog\/\",\"name\":\"Instalaci\u00f3n de paneles solares en Playa del Carmen. Ahorra hasta un 99% en tu recibo de luz\",\"description\":\" \u00a1Instala paneles solares en Playa del Carmen! Obt\u00e9n una cotizaci\u00f3n gratuita y descubre c\u00f3mo ahorrar hasta un 99% en tu recibo de luz.\",\"publisher\":{\"@id\":\"https:\/\/panelessolaresenplayadelcarmen.com\/blog\/#organization\"},\"potentialAction\":[{\"@type\":\"SearchAction\",\"target\":{\"@type\":\"EntryPoint\",\"urlTemplate\":\"https:\/\/panelessolaresenplayadelcarmen.com\/blog\/?s={search_term_string}\"},\"query-input\":{\"@type\":\"PropertyValueSpecification\",\"valueRequired\":true,\"valueName\":\"search_term_string\"}}],\"inLanguage\":\"en-US\"},{\"@type\":\"Organization\",\"@id\":\"https:\/\/panelessolaresenplayadelcarmen.com\/blog\/#organization\",\"name\":\"Instalaci\u00f3n de paneles solares en Playa del Carmen. Ahorra hasta un 99% en tu recibo de luz\",\"url\":\"https:\/\/panelessolaresenplayadelcarmen.com\/blog\/\",\"logo\":{\"@type\":\"ImageObject\",\"inLanguage\":\"en-US\",\"@id\":\"https:\/\/panelessolaresenplayadelcarmen.com\/blog\/#\/schema\/logo\/image\/\",\"url\":\"https:\/\/panelessolaresenplayadelcarmen.com\/blog\/wp-content\/uploads\/2016\/02\/logo-light.png\",\"contentUrl\":\"https:\/\/panelessolaresenplayadelcarmen.com\/blog\/wp-content\/uploads\/2016\/02\/logo-light.png\",\"width\":220,\"height\":83,\"caption\":\"Instalaci\u00f3n de paneles solares en Playa del Carmen. Ahorra hasta un 99% en tu recibo de luz\"},\"image\":{\"@id\":\"https:\/\/panelessolaresenplayadelcarmen.com\/blog\/#\/schema\/logo\/image\/\"}},{\"@type\":\"Person\",\"@id\":\"https:\/\/panelessolaresenplayadelcarmen.com\/blog\/#\/schema\/person\/8320f62976b9f5f1f93de47abac80b55\",\"name\":\"admin\",\"image\":{\"@type\":\"ImageObject\",\"inLanguage\":\"en-US\",\"@id\":\"https:\/\/secure.gravatar.com\/avatar\/011bd7932f9b2512153a36425de8d921c0c36da138f99830a89a99b0f3d24fc3?s=96&d=mm&r=g\",\"url\":\"https:\/\/secure.gravatar.com\/avatar\/011bd7932f9b2512153a36425de8d921c0c36da138f99830a89a99b0f3d24fc3?s=96&d=mm&r=g\",\"contentUrl\":\"https:\/\/secure.gravatar.com\/avatar\/011bd7932f9b2512153a36425de8d921c0c36da138f99830a89a99b0f3d24fc3?s=96&d=mm&r=g\",\"caption\":\"admin\"},\"url\":\"https:\/\/panelessolaresenplayadelcarmen.com\/blog\/author\/admin\/\"}]}<\/script>\n<!-- \/ Yoast SEO plugin. -->","yoast_head_json":{"title":"\u00bfCu\u00e1nto ha subido mi recibo de luz durante la pandemia?","description":"El efecto de la pandemia se refleja en el consumo de luz y una medida para reducirlo es usando sistemas de energ\u00eda solar en Playa del Carmen.","robots":{"index":"index","follow":"follow","max-snippet":"max-snippet:-1","max-image-preview":"max-image-preview:large","max-video-preview":"max-video-preview:-1"},"canonical":"https:\/\/panelessolaresenplayadelcarmen.com\/blog\/2021\/06\/29\/cuanto-ha-subido-mi-recibo-de-luz-durante-la-pandemia\/","og_locale":"en_US","og_type":"article","og_title":"\u00bfCu\u00e1nto ha subido mi recibo de luz durante la pandemia?","og_description":"El efecto de la pandemia se refleja en el consumo de luz y una medida para reducirlo es usando sistemas de energ\u00eda solar en Playa del Carmen.","og_url":"https:\/\/panelessolaresenplayadelcarmen.com\/blog\/2021\/06\/29\/cuanto-ha-subido-mi-recibo-de-luz-durante-la-pandemia\/","og_site_name":"Instalaci\u00f3n de paneles solares en Playa del Carmen. Ahorra hasta un 99% en tu recibo de luz","article_published_time":"2021-06-29T16:43:54+00:00","article_modified_time":"2021-07-01T16:44:12+00:00","og_image":[{"width":2000,"height":1000,"url":"https:\/\/panelessolaresenplayadelcarmen.com\/blog\/wp-content\/uploads\/2021\/07\/og3.jpg","type":"image\/jpeg"}],"author":"admin","twitter_card":"summary_large_image","twitter_misc":{"Written by":"admin","Est. reading time":"3 minutes"},"schema":{"@context":"https:\/\/schema.org","@graph":[{"@type":"Article","@id":"https:\/\/panelessolaresenplayadelcarmen.com\/blog\/2021\/06\/29\/cuanto-ha-subido-mi-recibo-de-luz-durante-la-pandemia\/#article","isPartOf":{"@id":"https:\/\/panelessolaresenplayadelcarmen.com\/blog\/2021\/06\/29\/cuanto-ha-subido-mi-recibo-de-luz-durante-la-pandemia\/"},"author":{"name":"admin","@id":"https:\/\/panelessolaresenplayadelcarmen.com\/blog\/#\/schema\/person\/8320f62976b9f5f1f93de47abac80b55"},"headline":"\u00bfCu\u00e1nto ha subido mi recibo de luz durante la pandemia?","datePublished":"2021-06-29T16:43:54+00:00","dateModified":"2021-07-01T16:44:12+00:00","mainEntityOfPage":{"@id":"https:\/\/panelessolaresenplayadelcarmen.com\/blog\/2021\/06\/29\/cuanto-ha-subido-mi-recibo-de-luz-durante-la-pandemia\/"},"wordCount":525,"commentCount":0,"publisher":{"@id":"https:\/\/panelessolaresenplayadelcarmen.com\/blog\/#organization"},"image":{"@id":"https:\/\/panelessolaresenplayadelcarmen.com\/blog\/2021\/06\/29\/cuanto-ha-subido-mi-recibo-de-luz-durante-la-pandemia\/#primaryimage"},"thumbnailUrl":"https:\/\/panelessolaresenplayadelcarmen.com\/blog\/wp-content\/uploads\/2021\/07\/og3.jpg","articleSection":["Energia solar","Energia Solar en Playa del Carmen","Lampara Solar en Playa del Carmen","Luminaria Solar en Playa del Carmen","Panel solar en Playa del Carmen"],"inLanguage":"en-US","potentialAction":[{"@type":"CommentAction","name":"Comment","target":["https:\/\/panelessolaresenplayadelcarmen.com\/blog\/2021\/06\/29\/cuanto-ha-subido-mi-recibo-de-luz-durante-la-pandemia\/#respond"]}]},{"@type":"WebPage","@id":"https:\/\/panelessolaresenplayadelcarmen.com\/blog\/2021\/06\/29\/cuanto-ha-subido-mi-recibo-de-luz-durante-la-pandemia\/","url":"https:\/\/panelessolaresenplayadelcarmen.com\/blog\/2021\/06\/29\/cuanto-ha-subido-mi-recibo-de-luz-durante-la-pandemia\/","name":"\u00bfCu\u00e1nto ha subido mi recibo de luz durante la pandemia?","isPartOf":{"@id":"https:\/\/panelessolaresenplayadelcarmen.com\/blog\/#website"},"primaryImageOfPage":{"@id":"https:\/\/panelessolaresenplayadelcarmen.com\/blog\/2021\/06\/29\/cuanto-ha-subido-mi-recibo-de-luz-durante-la-pandemia\/#primaryimage"},"image":{"@id":"https:\/\/panelessolaresenplayadelcarmen.com\/blog\/2021\/06\/29\/cuanto-ha-subido-mi-recibo-de-luz-durante-la-pandemia\/#primaryimage"},"thumbnailUrl":"https:\/\/panelessolaresenplayadelcarmen.com\/blog\/wp-content\/uploads\/2021\/07\/og3.jpg","datePublished":"2021-06-29T16:43:54+00:00","dateModified":"2021-07-01T16:44:12+00:00","description":"El efecto de la pandemia se refleja en el consumo de luz y una medida para reducirlo es usando sistemas de energ\u00eda solar en Playa del Carmen.","breadcrumb":{"@id":"https:\/\/panelessolaresenplayadelcarmen.com\/blog\/2021\/06\/29\/cuanto-ha-subido-mi-recibo-de-luz-durante-la-pandemia\/#breadcrumb"},"inLanguage":"en-US","potentialAction":[{"@type":"ReadAction","target":["https:\/\/panelessolaresenplayadelcarmen.com\/blog\/2021\/06\/29\/cuanto-ha-subido-mi-recibo-de-luz-durante-la-pandemia\/"]}]},{"@type":"ImageObject","inLanguage":"en-US","@id":"https:\/\/panelessolaresenplayadelcarmen.com\/blog\/2021\/06\/29\/cuanto-ha-subido-mi-recibo-de-luz-durante-la-pandemia\/#primaryimage","url":"https:\/\/panelessolaresenplayadelcarmen.com\/blog\/wp-content\/uploads\/2021\/07\/og3.jpg","contentUrl":"https:\/\/panelessolaresenplayadelcarmen.com\/blog\/wp-content\/uploads\/2021\/07\/og3.jpg","width":2000,"height":1000},{"@type":"BreadcrumbList","@id":"https:\/\/panelessolaresenplayadelcarmen.com\/blog\/2021\/06\/29\/cuanto-ha-subido-mi-recibo-de-luz-durante-la-pandemia\/#breadcrumb","itemListElement":[{"@type":"ListItem","position":1,"name":"Portada","item":"https:\/\/panelessolaresenplayadelcarmen.com\/blog\/"},{"@type":"ListItem","position":2,"name":"\u00bfCu\u00e1nto ha subido mi recibo de luz durante la pandemia?"}]},{"@type":"WebSite","@id":"https:\/\/panelessolaresenplayadelcarmen.com\/blog\/#website","url":"https:\/\/panelessolaresenplayadelcarmen.com\/blog\/","name":"Instalaci\u00f3n de paneles solares en Playa del Carmen. Ahorra hasta un 99% en tu recibo de luz","description":" \u00a1Instala paneles solares en Playa del Carmen! Obt\u00e9n una cotizaci\u00f3n gratuita y descubre c\u00f3mo ahorrar hasta un 99% en tu recibo de luz.","publisher":{"@id":"https:\/\/panelessolaresenplayadelcarmen.com\/blog\/#organization"},"potentialAction":[{"@type":"SearchAction","target":{"@type":"EntryPoint","urlTemplate":"https:\/\/panelessolaresenplayadelcarmen.com\/blog\/?s={search_term_string}"},"query-input":{"@type":"PropertyValueSpecification","valueRequired":true,"valueName":"search_term_string"}}],"inLanguage":"en-US"},{"@type":"Organization","@id":"https:\/\/panelessolaresenplayadelcarmen.com\/blog\/#organization","name":"Instalaci\u00f3n de paneles solares en Playa del Carmen. Ahorra hasta un 99% en tu recibo de luz","url":"https:\/\/panelessolaresenplayadelcarmen.com\/blog\/","logo":{"@type":"ImageObject","inLanguage":"en-US","@id":"https:\/\/panelessolaresenplayadelcarmen.com\/blog\/#\/schema\/logo\/image\/","url":"https:\/\/panelessolaresenplayadelcarmen.com\/blog\/wp-content\/uploads\/2016\/02\/logo-light.png","contentUrl":"https:\/\/panelessolaresenplayadelcarmen.com\/blog\/wp-content\/uploads\/2016\/02\/logo-light.png","width":220,"height":83,"caption":"Instalaci\u00f3n de paneles solares en Playa del Carmen. Ahorra hasta un 99% en tu recibo de luz"},"image":{"@id":"https:\/\/panelessolaresenplayadelcarmen.com\/blog\/#\/schema\/logo\/image\/"}},{"@type":"Person","@id":"https:\/\/panelessolaresenplayadelcarmen.com\/blog\/#\/schema\/person\/8320f62976b9f5f1f93de47abac80b55","name":"admin","image":{"@type":"ImageObject","inLanguage":"en-US","@id":"https:\/\/secure.gravatar.com\/avatar\/011bd7932f9b2512153a36425de8d921c0c36da138f99830a89a99b0f3d24fc3?s=96&d=mm&r=g","url":"https:\/\/secure.gravatar.com\/avatar\/011bd7932f9b2512153a36425de8d921c0c36da138f99830a89a99b0f3d24fc3?s=96&d=mm&r=g","contentUrl":"https:\/\/secure.gravatar.com\/avatar\/011bd7932f9b2512153a36425de8d921c0c36da138f99830a89a99b0f3d24fc3?s=96&d=mm&r=g","caption":"admin"},"url":"https:\/\/panelessolaresenplayadelcarmen.com\/blog\/author\/admin\/"}]}},"_links":{"self":[{"href":"https:\/\/panelessolaresenplayadelcarmen.com\/blog\/wp-json\/wp\/v2\/posts\/21726","targetHints":{"allow":["GET"]}}],"collection":[{"href":"https:\/\/panelessolaresenplayadelcarmen.com\/blog\/wp-json\/wp\/v2\/posts"}],"about":[{"href":"https:\/\/panelessolaresenplayadelcarmen.com\/blog\/wp-json\/wp\/v2\/types\/post"}],"author":[{"embeddable":true,"href":"https:\/\/panelessolaresenplayadelcarmen.com\/blog\/wp-json\/wp\/v2\/users\/1"}],"replies":[{"embeddable":true,"href":"https:\/\/panelessolaresenplayadelcarmen.com\/blog\/wp-json\/wp\/v2\/comments?post=21726"}],"version-history":[{"count":1,"href":"https:\/\/panelessolaresenplayadelcarmen.com\/blog\/wp-json\/wp\/v2\/posts\/21726\/revisions"}],"predecessor-version":[{"id":21730,"href":"https:\/\/panelessolaresenplayadelcarmen.com\/blog\/wp-json\/wp\/v2\/posts\/21726\/revisions\/21730"}],"wp:featuredmedia":[{"embeddable":true,"href":"https:\/\/panelessolaresenplayadelcarmen.com\/blog\/wp-json\/wp\/v2\/media\/21728"}],"wp:attachment":[{"href":"https:\/\/panelessolaresenplayadelcarmen.com\/blog\/wp-json\/wp\/v2\/media?parent=21726"}],"wp:term":[{"taxonomy":"category","embeddable":true,"href":"https:\/\/panelessolaresenplayadelcarmen.com\/blog\/wp-json\/wp\/v2\/categories?post=21726"},{"taxonomy":"post_tag","embeddable":true,"href":"https:\/\/panelessolaresenplayadelcarmen.com\/blog\/wp-json\/wp\/v2\/tags?post=21726"}],"curies":[{"name":"wp","href":"https:\/\/api.w.org\/{rel}","templated":true}]}}